{"id":48052,"date":"2025-09-02T13:56:50","date_gmt":"2025-09-02T11:56:50","guid":{"rendered":"https:\/\/miannaproperties.com\/estepona-implements-historic-property-tax-cut-up-to-20-savings-for-residents\/"},"modified":"2025-09-02T14:02:15","modified_gmt":"2025-09-02T12:02:15","slug":"estepona-implements-historic-property-tax-cut-up-to-20-savings-for-residents","status":"publish","type":"post","link":"https:\/\/miannaproperties.com\/es\/estepona-implements-historic-property-tax-cut-up-to-20-savings-for-residents\/","title":{"rendered":"Estepona aplica la mayor rebaja del IBI de su historia \ud83c\udfe1\ud83d\udcc9"},"content":{"rendered":"<h1 data-start=\"1669\" data-end=\"1737\">Estepona aplica la mayor rebaja del IBI de su historia \ud83c\udfe1\ud83d\udcc9<\/h1>\n<h2 data-start=\"1739\" data-end=\"1796\">Una reducci\u00f3n hist\u00f3rica para las familias \ud83d\udc68\u200d\ud83d\udc69\u200d\ud83d\udc67\ud83c\udf89<\/h2>\n<p data-start=\"1797\" data-end=\"2070\">El Ayuntamiento de Estepona ha puesto en marcha la mayor rebaja del Impuesto de Bienes Inmuebles (IBI) de su historia. Cerca de <strong data-start=\"1925\" data-end=\"1943\">38.000 recibos<\/strong> ya reflejan una bajada media del <strong data-start=\"1977\" data-end=\"1987\">20% \ud83d\udcc9<\/strong>, lo que supone un ahorro total de <strong data-start=\"2022\" data-end=\"2050\">6,1 millones de euros \ud83d\udcb0<\/strong> para los hogares.<\/p>\n<p data-start=\"2072\" data-end=\"2241\">Este logro ha sido posible gracias a la <strong data-start=\"2112\" data-end=\"2176\">eliminaci\u00f3n de la deuda municipal de 304 millones de euros \u2705<\/strong>, lo que permite liberar recursos para aliviar la carga fiscal.<\/p>\n<h2 data-start=\"2243\" data-end=\"2279\">De la crisis a la deuda cero \ud83d\udd04<\/h2>\n<p data-start=\"2280\" data-end=\"2521\">En 2011, Estepona era uno de los ayuntamientos m\u00e1s endeudados de Espa\u00f1a, con 4.600 \u20ac por habitante. La situaci\u00f3n era tan cr\u00edtica que los trabajadores llevaban material de casa y la Polic\u00eda Local no ten\u00eda combustible para sus patrullas \u26fd\ud83d\ude93.<\/p>\n<p data-start=\"2523\" data-end=\"2694\">Hoy, tras una gesti\u00f3n responsable, se han abonado <strong data-start=\"2573\" data-end=\"2691\">60 millones a la Seguridad Social, 18 millones a Hacienda y m\u00e1s de 90 millones en el Plan de Pago a Proveedores \ud83d\udcd1<\/strong>.<\/p>\n<h2 data-start=\"2696\" data-end=\"2730\">M\u00e1s facilidades y ventajas \ud83c\udf3f<\/h2>\n<ul data-start=\"2731\" data-end=\"3014\">\n<li data-start=\"2731\" data-end=\"2791\">\n<p data-start=\"2733\" data-end=\"2791\"><strong data-start=\"2733\" data-end=\"2762\">Plazo ampliado de pago \u23f3:<\/strong> hasta el 30 de septiembre.<\/p>\n<\/li>\n<li data-start=\"2792\" data-end=\"2888\">\n<p data-start=\"2794\" data-end=\"2888\"><strong data-start=\"2794\" data-end=\"2835\">Bonificaci\u00f3n en la tasa de basura \u267b\ufe0f:<\/strong> 3% menos para quienes reciclen en el Punto Limpio.<\/p>\n<\/li>\n<li data-start=\"2889\" data-end=\"3014\">\n<p data-start=\"2891\" data-end=\"3014\"><strong data-start=\"2891\" data-end=\"2937\">Apoyo a colectivos vulnerables \ud83d\udc75\ud83d\udc68\u200d\ud83d\udc69\u200d\ud83d\udc67:<\/strong> jubilados y desempleados de larga duraci\u00f3n cuentan con ayudas adicionales.<\/p>\n<\/li>\n<\/ul>\n<h2 data-start=\"3016\" data-end=\"3041\">Mirando al futuro \ud83d\udd2e<\/h2>\n<p data-start=\"3042\" data-end=\"3200\">Con un <strong data-start=\"3049\" data-end=\"3098\">50% de reducci\u00f3n acumulada del IBI desde 2011<\/strong>, el Ayuntamiento seguir\u00e1 trabajando para que los vecinos disfruten de m\u00e1s ahorro y menos impuestos.<\/p>\n<p data-start=\"1995\" data-end=\"2147\"><img fetchpriority=\"high\" decoding=\"async\" class=\"wp-image-48046 size-full aligncenter\" src=\"https:\/\/miannaproperties.com\/wp-content\/uploads\/2025\/09\/Razones-para-vivir-en-Estepona-800x499-1.jpg\" alt=\"\" width=\"800\" height=\"499\" title=\"\" srcset=\"https:\/\/miannaproperties.com\/wp-content\/uploads\/2025\/09\/Razones-para-vivir-en-Estepona-800x499-1.jpg 800w, https:\/\/miannaproperties.com\/wp-content\/uploads\/2025\/09\/Razones-para-vivir-en-Estepona-800x499-1-300x187.jpg 300w, https:\/\/miannaproperties.com\/wp-content\/uploads\/2025\/09\/Razones-para-vivir-en-Estepona-800x499-1-768x479.jpg 768w, https:\/\/miannaproperties.com\/wp-content\/uploads\/2025\/09\/Razones-para-vivir-en-Estepona-800x499-1-496x309.jpg 496w\" sizes=\"(max-width: 800px) 100vw, 800px\" \/><\/p>\n","protected":false},"excerpt":{"rendered":"<p>Estepona aplica la mayor rebaja del IBI de su historia \ud83c\udfe1\ud83d\udcc9 Una reducci\u00f3n hist\u00f3rica para las familias \ud83d\udc68\u200d\ud83d\udc69\u200d\ud83d\udc67\ud83c\udf89 El Ayuntamiento de Estepona ha puesto en marcha la mayor rebaja del Impuesto de Bienes Inmuebles (IBI) de su historia. Cerca de 38.000 recibos ya reflejan una bajada media del 20% \ud83d\udcc9, lo que supone un ahorro [&hellip;]<\/p>\n","protected":false},"author":23,"featured_media":0,"comment_status":"closed","ping_status":"open","sticky":false,"template":"","format":"standard","meta":{"footnotes":""},"categories":[67],"tags":[],"class_list":["post-48052","post","type-post","status-publish","format-standard","hentry","category-sin-categorizar"],"_links":{"self":[{"href":"https:\/\/miannaproperties.com\/es\/wp-json\/wp\/v2\/posts\/48052","targetHints":{"allow":["GET"]}}],"collection":[{"href":"https:\/\/miannaproperties.com\/es\/wp-json\/wp\/v2\/posts"}],"about":[{"href":"https:\/\/miannaproperties.com\/es\/wp-json\/wp\/v2\/types\/post"}],"author":[{"embeddable":true,"href":"https:\/\/miannaproperties.com\/es\/wp-json\/wp\/v2\/users\/23"}],"replies":[{"embeddable":true,"href":"https:\/\/miannaproperties.com\/es\/wp-json\/wp\/v2\/comments?post=48052"}],"version-history":[{"count":1,"href":"https:\/\/miannaproperties.com\/es\/wp-json\/wp\/v2\/posts\/48052\/revisions"}],"predecessor-version":[{"id":48053,"href":"https:\/\/miannaproperties.com\/es\/wp-json\/wp\/v2\/posts\/48052\/revisions\/48053"}],"wp:attachment":[{"href":"https:\/\/miannaproperties.com\/es\/wp-json\/wp\/v2\/media?parent=48052"}],"wp:term":[{"taxonomy":"category","embeddable":true,"href":"https:\/\/miannaproperties.com\/es\/wp-json\/wp\/v2\/categories?post=48052"},{"taxonomy":"post_tag","embeddable":true,"href":"https:\/\/miannaproperties.com\/es\/wp-json\/wp\/v2\/tags?post=48052"}],"curies":[{"name":"wp","href":"https:\/\/api.w.org\/{rel}","templated":true}]}}